{"id":3993,"date":"2020-04-02T14:46:27","date_gmt":"2020-04-02T12:46:27","guid":{"rendered":"http:\/\/tramitserveis.cat\/moratoria-seguridad-social-covid19-copy\/"},"modified":"2020-04-02T14:46:27","modified_gmt":"2020-04-02T12:46:27","slug":"medidas-alquiler-viviendas-covid19","status":"publish","type":"post","link":"https:\/\/tramitserveis.cat\/es\/medidas-alquiler-viviendas-covid19\/","title":{"rendered":"RDL 11\/2020 Medidas alquiler viviendas COVID19"},"content":{"rendered":"<h2>RDL 11\/2020 MEDIDAS ALQUILER VIVIENDAS COVID19<\/h2>\n<p>Seg\u00fan se especifica en el Real Decreto-ley 11\/2020, de 31 de marzo, por el que se adoptan medidas urgentes complementarias en el \u00e1mbito social y econ\u00f3mico para hacer frente a la COVID-19, se aprueban medidas sociales para el alquiler de viviendas que se comentan a continuaci\u00f3n.<\/p>\n<p><strong>\u00a0<\/strong><\/p>\n<ol>\n<li><strong>Microcr\u00e9ditos para pagar el alquiler<\/strong><\/li>\n<\/ol>\n<p>Conforme\u00a0al real decreto-ley aprobado, el Estado pone a disposici\u00f3n de los inquilinos de peque\u00f1os propietarios (aquellos que poseen menos de ocho viviendas)\u00a0<strong>microcr\u00e9ditos\u00a0a tipo de inter\u00e9s 0<\/strong>\u00a0para que las personas que queden en situaci\u00f3n de vulnerabilidad puedan pagar el alquiler. Se deber\u00e1n devolver a 6 a\u00f1os ampliables a 10 en caso de dificultades.<\/p>\n<p>&nbsp;<\/p>\n<ol start=\"2\">\n<li><strong>Grandes propietarios: quita del 50%<\/strong><\/li>\n<\/ol>\n<p>Los grandes tenedores de vivienda\u00a0-fondos,\u00a0socimis e inmobiliarias- deben realizar\u00a0una<strong>\u00a0quita del 50%<\/strong>\u00a0o bien una<strong>\u00a0reestructuraci\u00f3n de la deuda en 3 a\u00f1os<\/strong>. Y, en cualquier caso, los inquilinos de viviendas de estos propietarios tambi\u00e9n pueden acogerse a las l\u00edneas de ayuda p\u00fablicas. Los grandes tenedores, dice el Gobierno,\u00a0\u00a0&#8220;deben arrimar el hombro y hacer un esfuerzo como todo el mundo&#8221;.<\/p>\n<p>&nbsp;<\/p>\n<ol start=\"3\">\n<li><strong>El Estado pagar\u00e1 el alquiler a los m\u00e1s vulnerables<\/strong><\/li>\n<\/ol>\n<p>El Estado pagar\u00e1 el alquiler de las personas que despu\u00e9s de la crisis se mantengan en la vulnerabilidad <strong>hasta 900 euros al mes y 200 euros destinados al pago de suministros<\/strong>, mantenimiento, etc\u00e9tera.<\/p>\n<p>&nbsp;<\/p>\n<ol start=\"4\">\n<li><strong>Pr\u00f3rroga de los arrendamientos<\/strong><\/li>\n<\/ol>\n<p><strong>Pr\u00f3rroga extraordinaria de 6 meses de los contratos de alquiler<\/strong>\u00a0de vivienda habitual para evitar subidas abusivas aprovechando la situaci\u00f3n creada por la COVID-19.<\/p>\n<p>&nbsp;<\/p>\n<ol start=\"5\">\n<li><strong>Suspensi\u00f3n de los desahucios<\/strong><\/li>\n<\/ol>\n<p><strong>\u00a0<\/strong>El Ejecutivo ordena la suspensi\u00f3n de los desahucios sin alternativa habitacional\u00a0<strong>durante\u00a0seis meses tras el fin del estado de alarma<\/strong>. De esta manera, dice el Gobierno, &#8220;nadie se quedar\u00e1 sin hogar durante la crisis del coronavirus&#8221;.<\/p>\n<p>&nbsp;<\/p>\n<p>Sant Cugat a 2 de abril 2020<\/p>\n","protected":false},"excerpt":{"rendered":"<p>RDL 11\/2020 MEDIDAS ALQUILER VIVIENDAS COVID19 Seg\u00fan se especifica en el Real Decreto-ley 11\/2020, de 31 de marzo, por el que se adoptan medidas urgentes complementarias en el \u00e1mbito social y econ\u00f3mico para hacer frente a la COVID-19, se aprueban medidas sociales para el alquiler de viviendas que se comentan a continuaci\u00f3n. \u00a0 Microcr\u00e9ditos para [&hellip;]<\/p>\n","protected":false},"author":260,"featured_media":3976,"comment_status":"open","ping_status":"open","sticky":false,"template":"","format":"standard","meta":{"_et_pb_use_builder":"","_et_pb_old_content":"","_et_gb_content_width":"","footnotes":""},"categories":[59],"tags":[45,46,56],"class_list":["post-3993","post","type-post","status-publish","format-standard","has-post-thumbnail","hentry","category-noticies-tramit","tag-alquiler","tag-alquiler-vivienda-habitual","tag-medidas-economicas-covid19"],"_links":{"self":[{"href":"https:\/\/tramitserveis.cat\/es\/wp-json\/wp\/v2\/posts\/3993","targetHints":{"allow":["GET"]}}],"collection":[{"href":"https:\/\/tramitserveis.cat\/es\/wp-json\/wp\/v2\/posts"}],"about":[{"href":"https:\/\/tramitserveis.cat\/es\/wp-json\/wp\/v2\/types\/post"}],"author":[{"embeddable":true,"href":"https:\/\/tramitserveis.cat\/es\/wp-json\/wp\/v2\/users\/260"}],"replies":[{"embeddable":true,"href":"https:\/\/tramitserveis.cat\/es\/wp-json\/wp\/v2\/comments?post=3993"}],"version-history":[{"count":0,"href":"https:\/\/tramitserveis.cat\/es\/wp-json\/wp\/v2\/posts\/3993\/revisions"}],"wp:featuredmedia":[{"embeddable":true,"href":"https:\/\/tramitserveis.cat\/es\/wp-json\/wp\/v2\/media\/3976"}],"wp:attachment":[{"href":"https:\/\/tramitserveis.cat\/es\/wp-json\/wp\/v2\/media?parent=3993"}],"wp:term":[{"taxonomy":"category","embeddable":true,"href":"https:\/\/tramitserveis.cat\/es\/wp-json\/wp\/v2\/categories?post=3993"},{"taxonomy":"post_tag","embeddable":true,"href":"https:\/\/tramitserveis.cat\/es\/wp-json\/wp\/v2\/tags?post=3993"}],"curies":[{"name":"wp","href":"https:\/\/api.w.org\/{rel}","templated":true}]}}