{"id":3123,"date":"2020-02-04T13:35:28","date_gmt":"2020-02-04T12:35:28","guid":{"rendered":"http:\/\/tramitserveis.cat\/?p=3123"},"modified":"2020-02-04T13:35:28","modified_gmt":"2020-02-04T12:35:28","slug":"permiso-de-paternidad","status":"publish","type":"post","link":"https:\/\/tramitserveis.cat\/es\/permiso-de-paternidad\/","title":{"rendered":"PERMISO DE PATERNIDAD"},"content":{"rendered":"<h2>PERMISO DE PATERNIDAD<\/h2>\n<p>&nbsp;<\/p>\n<ul>\n<li>\n<h3>\u00bfQu\u00e9 es el permiso de paternidad y cu\u00e1nto dura?<\/h3>\n<\/li>\n<\/ul>\n<p>Es un subsidio que se da a los trabajadores que suspendan el contrato de trabajo o cesen en su actividad, durante los d\u00edas legalmente establecidos, con motivo del nacimiento de un hijo, adopci\u00f3n o acogimiento. La \u00faltima ampliaci\u00f3n, vigente desde el\u00a01 de enero del 2020, elev\u00f3 su\u00a0duraci\u00f3n a 12\u00a0semanas.\u00a0El\u00a0<a href=\"https:\/\/www.elperiodico.com\/es\/economia\/20170306\/permiso-paternidad-5873123#El%20permiso%20de%20paternidad%20en%20el%20BOE\" target=\"_blank\" rel=\"noopener\">1 de enero del 2021\u00a0entra en vigor un nuevo aumento<\/a>, que ampl\u00eda la duraci\u00f3n del permiso a 16\u00a0semanas para los nacimientos a partir de esa fecha.<\/p>\n<p>Las cuatro primeras semanas del permiso deben disfrutarse de forma ininterrumpida tras el parto. Las semanas restantes pueden ser de disfrute interrumpido y ejercitarse desde la finalizaci\u00f3n del descanso obligatorio posterior al parto hasta que el hijo o la hija cumpla 12\u00a0meses. Este permiso, retribuido al 100%, ser\u00e1 intransferible, por lo que, si el padre no lo disfruta, no lo podr\u00e1 ceder a la madre.<\/p>\n<p>Podr\u00e1 disfrutarse en r\u00e9gimen de\u00a0jornada completa o parcial de un m\u00ednimo del 50%, previo acuerdo con el empresario y es compatible e independiente del disfrute compartido de los periodos de descanso por maternidad.<\/p>\n<p>En el caso de los\u00a0funcionarios andaluces,\u00a0su permiso retribuido e intransferible se ha ampliado en el 2020 a 20 semanas.<\/p>\n<p>&nbsp;<\/p>\n<ul>\n<li>\n<h3>\u00bfSon m\u00e1s d\u00edas en caso de parto m\u00faltiple?<\/h3>\n<\/li>\n<\/ul>\n<p>S\u00ed.\u00a0La duraci\u00f3n se ampliar\u00e1 en el supuesto de parto, adopci\u00f3n, acogimiento o guarda m\u00faltiples en\u00a0dos semanas m\u00e1s por cada hijo a partir del segundo.\u00a0La \u00faltima semana del periodo de descanso podr\u00e1 disfrutarse de forma independiente en otro momento dentro de los 12 meses siguientes a la fecha del nacimiento del hijo.<\/p>\n<p>&nbsp;<\/p>\n<ul>\n<li>\n<h3>\u00bfQui\u00e9n\u00a0puede\u00a0pedir el permiso por paternidad? \u00bfHay un periodo m\u00ednimo de cotizaci\u00f3n?<\/h3>\n<\/li>\n<\/ul>\n<p>Los\u00a0trabajadores incluidos en el r\u00e9gimen general y en los reg\u00edmenes especiales de la Seguridad Social, cualquiera que sea su sexo. La prestaci\u00f3n por paternidad es independiente de la de la madre y compatible con el disfrute compartido de la de maternidad, siempre que sea\u00a0cedido por la madre.<\/p>\n<p>En el supuesto de\u00a0parto, la suspensi\u00f3n corresponde exclusivamente al otro progenitor. En los casos de\u00a0adopci\u00f3n o acogimiento, la suspensi\u00f3n corresponder\u00e1 a uno solo de los progenitores, a elecci\u00f3n de los interesados; no obstante, cuando el descanso maternal fuera disfrutado en su totalidad por uno de los progenitores, el derecho a la suspensi\u00f3n por paternidad \u00fanicamente podr\u00e1 ser ejercido por el otro.<\/p>\n<p>Cuando es uno solo el progenitor o adoptante, no puede acumularse el periodo de paternidad al de maternidad. El\u00a0periodo m\u00ednimo de cotizaci\u00f3n exigido es de 180 d\u00edas\u00a0dentro de los 7 a\u00f1os inmediatamente anteriores a la fecha de inicio de la suspensi\u00f3n o, alternativamente, 360 d\u00edas a lo largo de la vida laboral con anterioridad a dicha fecha.<\/p>\n<p>&nbsp;<\/p>\n<ul>\n<li>\n<h3>\u00bfHay limitaciones en lo que respecta al hijo?<\/h3>\n<\/li>\n<\/ul>\n<p>Para generar derecho a la prestaci\u00f3n se exige que el\u00a0adoptado o acogido sea menor de 6 a\u00f1os. No obstante, tambi\u00e9n generan derecho los mayores de 6 a\u00f1os, pero menores de 18 con discapacidad o que, por sus circunstancias y experiencias personales o por provenir del extranjero, tengan especiales dificultades de inserci\u00f3n social y familiar, debidamente acreditadas por los servicios sociales competentes. Se entiende que el adoptado o acogido est\u00e1 afectado por una discapacidad, cuando se acredite en un\u00a0grado\u00a0igual o superior al 33%.<\/p>\n<p>&nbsp;<\/p>\n<ul>\n<li>\n<h3>\u00bfCu\u00e1ndo puede disfrutarse del permiso por paternidad?<\/h3>\n<\/li>\n<\/ul>\n<p>Este permiso\u00a0no tiene por qu\u00e9 ir unido al permiso por nacimiento, puedes disfrutarlo dentro del periodo de 16 semanas del permiso por maternidad, o despu\u00e9s del mismo.<\/p>\n<p>&nbsp;<\/p>\n<ul>\n<li>\n<h3>\u00bfQu\u00e9 salario se percibe?<\/h3>\n<\/li>\n<\/ul>\n<p>El 100%. Incluidos todos los conceptos de la base reguladora, normalmente incluidos en todos los complementos asignados en la n\u00f3mina. El Tribunal Supremo ha determinado que las cantidades recibidas durante el permiso de maternidad o paternidad est\u00e1n\u00a0exentas del IRPF.<\/p>\n<p>&nbsp;<\/p>\n<ul>\n<li>\n<h3>\u00bfQu\u00e9 documentaci\u00f3n hay que presentar a la Seguridad Social?<\/h3>\n<\/li>\n<\/ul>\n<p>El\u00a0informe de paternidad del servicio de salud, la\u00a0solicitud del permiso remitida\u00a0a la empresa\u00a0y\u00a0el\u00a0<a href=\"http:\/\/www.seg-social.es\/prdi00\/groups\/public\/documents\/binario\/113145.pdf\" target=\"_blank\" rel=\"noopener\">modelo oficial de la solicitud de paternidad<\/a>. \u00a0En el momento de la\u00a0<a href=\"http:\/\/www.seg-social.es\/Internet_1\/Masinformacion\/TramitesyGestiones\/PrestaciondePaterni51457\/index.htm\" target=\"_blank\" rel=\"noopener\">tramitaci\u00f3n<\/a>\u00a0es necesario llevar tambi\u00e9n la \u00faltima n\u00f3mina, fotocopia del DNI, libro de familia actualizado y recibo del banco en el que se deba ingresar la retribuci\u00f3n. El cobro se producir\u00e1 tras la segunda semana del mes siguiente a la generaci\u00f3n del derecho.<\/p>\n","protected":false},"excerpt":{"rendered":"<p>PERMISO DE PATERNIDAD &nbsp; \u00bfQu\u00e9 es el permiso de paternidad y cu\u00e1nto dura? Es un subsidio que se da a los trabajadores que suspendan el contrato de trabajo o cesen en su actividad, durante los d\u00edas legalmente establecidos, con motivo del nacimiento de un hijo, adopci\u00f3n o acogimiento. La \u00faltima ampliaci\u00f3n, vigente desde el\u00a01 de [&hellip;]<\/p>\n","protected":false},"author":260,"featured_media":3125,"comment_status":"open","ping_status":"open","sticky":false,"template":"","format":"standard","meta":{"_et_pb_use_builder":"","_et_pb_old_content":"","_et_gb_content_width":"","footnotes":""},"categories":[59],"tags":[77,78],"class_list":["post-3123","post","type-post","status-publish","format-standard","has-post-thumbnail","hentry","category-noticies-tramit","tag-paternidad","tag-permiso-paternidad"],"_links":{"self":[{"href":"https:\/\/tramitserveis.cat\/es\/wp-json\/wp\/v2\/posts\/3123","targetHints":{"allow":["GET"]}}],"collection":[{"href":"https:\/\/tramitserveis.cat\/es\/wp-json\/wp\/v2\/posts"}],"about":[{"href":"https:\/\/tramitserveis.cat\/es\/wp-json\/wp\/v2\/types\/post"}],"author":[{"embeddable":true,"href":"https:\/\/tramitserveis.cat\/es\/wp-json\/wp\/v2\/users\/260"}],"replies":[{"embeddable":true,"href":"https:\/\/tramitserveis.cat\/es\/wp-json\/wp\/v2\/comments?post=3123"}],"version-history":[{"count":0,"href":"https:\/\/tramitserveis.cat\/es\/wp-json\/wp\/v2\/posts\/3123\/revisions"}],"wp:featuredmedia":[{"embeddable":true,"href":"https:\/\/tramitserveis.cat\/es\/wp-json\/wp\/v2\/media\/3125"}],"wp:attachment":[{"href":"https:\/\/tramitserveis.cat\/es\/wp-json\/wp\/v2\/media?parent=3123"}],"wp:term":[{"taxonomy":"category","embeddable":true,"href":"https:\/\/tramitserveis.cat\/es\/wp-json\/wp\/v2\/categories?post=3123"},{"taxonomy":"post_tag","embeddable":true,"href":"https:\/\/tramitserveis.cat\/es\/wp-json\/wp\/v2\/tags?post=3123"}],"curies":[{"name":"wp","href":"https:\/\/api.w.org\/{rel}","templated":true}]}}