{"id":2785,"date":"2019-05-15T16:34:42","date_gmt":"2019-05-15T14:34:42","guid":{"rendered":"http:\/\/tramitserveis.cat\/?p=2785"},"modified":"2019-05-15T16:34:42","modified_gmt":"2019-05-15T14:34:42","slug":"medidas-de-lucha-contra-la-precariedad-laboral-en-la-jornada-de-trabajo","status":"publish","type":"post","link":"https:\/\/tramitserveis.cat\/es\/medidas-de-lucha-contra-la-precariedad-laboral-en-la-jornada-de-trabajo\/","title":{"rendered":"Medidas de lucha contra la precariedad laboral en la jornada de trabajo"},"content":{"rendered":"<h3>\u00a0Art\u00edculo 10. Registro de jornada<\/h3>\n<p>El texto de la Ley del Estatuto de los Trabajadores, aprobado por el Real Decreto Legislativo 2\/2015, de 23 de octubre, queda modificado en los siguientes t\u00e9rminos:<\/p>\n<ul>\n<li>Se modifica el art\u00edculo 34, a\u00f1adiendo un nuevo apartado 9, con la siguiente redacci\u00f3n:<\/li>\n<\/ul>\n<p>\u00ab<strong>9. La empresa garantizar\u00e1 el registro diario de jornada<\/strong>, que deber\u00e1 <strong>incluir el horario concreto de inicio y finalizaci\u00f3n de la jornada de trabajo de cada persona trabajadora<\/strong>, <strong>sin perjuicio de la flexibilidad horaria que se establece en este art\u00edculo<\/strong>.<\/p>\n<p>Mediante negociaci\u00f3n colectiva o acuerdo de empresa o, en su defecto, decisi\u00f3n del empresario previa consulta con los representantes legales de los trabajadores en la empresa, <strong>se organizar\u00e1 y documentar\u00e1 este registro de jornada<\/strong>.<\/p>\n<p><strong>La empresa conservar\u00e1 los registros a que se refiere este precepto durante cuatro a\u00f1os y permanecer\u00e1n a disposici\u00f3n de las personas trabajadoras, de sus representantes legales y de la Inspecci\u00f3n de Trabajo y Seguridad Social<\/strong>.\u00bb<\/p>\n<p>&nbsp;<\/p>\n<h3>C\u00f3mo se deber\u00e1 fichar en el trabajo<\/h3>\n<p>El Estatuto de los Trabajadores no describe un <strong>modo \u00fanico de fichar <\/strong>o registrar la jornada. \u00danicamente indica que <strong>la empresa deber\u00e1 acordar con los trabajadores c\u00f3mo organizar el registro <\/strong>y la forma de documentarlo.<\/p>\n<p>En consecuencia, podr\u00edan servir m\u00e9todos tradicionales como la firma de los empleados en una hoja con las horas detalladas o tambi\u00e9n, sistemas digitales como el uso de la huella digital. En cualquier caso, desde Inspecci\u00f3n de Trabajo han se\u00f1alado que, <strong>en ning\u00fan caso, valdr\u00e1n como registro los cuadrantes horarios<\/strong>.<\/p>\n","protected":false},"excerpt":{"rendered":"<p>\u00a0Art\u00edculo 10. Registro de jornada El texto de la Ley del Estatuto de los Trabajadores, aprobado por el Real Decreto Legislativo 2\/2015, de 23 de octubre, queda modificado en los siguientes t\u00e9rminos: Se modifica el art\u00edculo 34, a\u00f1adiendo un nuevo apartado 9, con la siguiente redacci\u00f3n: \u00ab9. La empresa garantizar\u00e1 el registro diario de jornada, [&hellip;]<\/p>\n","protected":false},"author":260,"featured_media":2781,"comment_status":"open","ping_status":"open","sticky":false,"template":"","format":"standard","meta":{"_et_pb_use_builder":"","_et_pb_old_content":"","_et_gb_content_width":"","footnotes":""},"categories":[59],"tags":[99],"class_list":["post-2785","post","type-post","status-publish","format-standard","has-post-thumbnail","hentry","category-noticies-tramit","tag-precariedad-laboral"],"_links":{"self":[{"href":"https:\/\/tramitserveis.cat\/es\/wp-json\/wp\/v2\/posts\/2785","targetHints":{"allow":["GET"]}}],"collection":[{"href":"https:\/\/tramitserveis.cat\/es\/wp-json\/wp\/v2\/posts"}],"about":[{"href":"https:\/\/tramitserveis.cat\/es\/wp-json\/wp\/v2\/types\/post"}],"author":[{"embeddable":true,"href":"https:\/\/tramitserveis.cat\/es\/wp-json\/wp\/v2\/users\/260"}],"replies":[{"embeddable":true,"href":"https:\/\/tramitserveis.cat\/es\/wp-json\/wp\/v2\/comments?post=2785"}],"version-history":[{"count":0,"href":"https:\/\/tramitserveis.cat\/es\/wp-json\/wp\/v2\/posts\/2785\/revisions"}],"wp:featuredmedia":[{"embeddable":true,"href":"https:\/\/tramitserveis.cat\/es\/wp-json\/wp\/v2\/media\/2781"}],"wp:attachment":[{"href":"https:\/\/tramitserveis.cat\/es\/wp-json\/wp\/v2\/media?parent=2785"}],"wp:term":[{"taxonomy":"category","embeddable":true,"href":"https:\/\/tramitserveis.cat\/es\/wp-json\/wp\/v2\/categories?post=2785"},{"taxonomy":"post_tag","embeddable":true,"href":"https:\/\/tramitserveis.cat\/es\/wp-json\/wp\/v2\/tags?post=2785"}],"curies":[{"name":"wp","href":"https:\/\/api.w.org\/{rel}","templated":true}]}}