{"id":14270,"date":"2025-01-20T10:41:42","date_gmt":"2025-01-20T09:41:42","guid":{"rendered":"http:\/\/tramitserveis.cat\/?p=14270"},"modified":"2025-01-20T11:07:01","modified_gmt":"2025-01-20T10:07:01","slug":"aplicacion-de-iva-en-ventas-online-e-commerce","status":"publish","type":"post","link":"https:\/\/tramitserveis.cat\/es\/aplicacion-de-iva-en-ventas-online-e-commerce\/","title":{"rendered":"APLICACI\u00d3N DE IVA EN VENTAS ONLINE (E-COMMERCE)"},"content":{"rendered":"<p>Cuando se realizan ventas online a trav\u00e9s de una p\u00e1gina web o plataformas como Amazon, Etsy o eBay, es crucial considerar c\u00f3mo aplicar el Impuesto sobre el Valor A\u00f1adido (IVA), dependiendo de la ubicaci\u00f3n de los clientes y el tipo de venta.<\/p>\n<h2>Tratamiento del IVA seg\u00fan la localizaci\u00f3n de los clientes<\/h2>\n<ol>\n<li>Ventas en Espa\u00f1a: Aplica el IVA espa\u00f1ol seg\u00fan el tipo de producto o servicio (general: 21%, reducido: 10%, superreducido: 4%).<\/li>\n<li>Ventas a la UE a consumidores finales: Desde el 1 de julio de 2021, si las ventas anuales superan los 10.000 \u20ac, debes aplicar el IVA del pa\u00eds del consumidor, utilizando el sistema OSS para declarar y pagar el IVA.<\/li>\n<li>Ventas a empresas en la UE: Exentas de IVA como entregas intracomunitarias, siempre que el cliente proporcione un NIF-IVA v\u00e1lido y se declare en el modelo 349.<\/li>\n<li>Ventas fuera de la UE: Consideradas exportaciones, exentas de IVA en Espa\u00f1a, aunque el cliente podr\u00eda pagar aranceles en su pa\u00eds.<\/li>\n<\/ol>\n<h2>Diferencias clave entre productos y servicios<\/h2>\n<p>PRODUCTOS:<\/p>\n<ul>\n<li>IVA aplicable: En funci\u00f3n del lugar f\u00edsico al que se env\u00edan los productos.<\/li>\n<li>Regularizaci\u00f3n intracomunitaria: L\u00edmite de 10.000 \u20ac para ventas a particulares; uso del sistema OSS si se supera.<\/li>\n<li>Exportaciones (fuera de la UE): Exentas de IVA, con necesidad de acreditar la salida f\u00edsica del producto.<\/li>\n<li>Documentaci\u00f3n: Facturas y justificantes de env\u00edo.<\/li>\n<\/ul>\n<p>SERVICIOS:<\/p>\n<ul>\n<li>IVA aplicable: Depende del lugar donde se consume el servicio (normas de localizaci\u00f3n).<\/li>\n<li>Regularizaci\u00f3n intracomunitaria: IVA del pa\u00eds del consumidor desde la primera venta (a particulares); tambi\u00e9n uso del OSS.<\/li>\n<li>Exportaciones (fuera de la UE): IVA del pa\u00eds del consumidor desde la primera venta (a particulares); tambi\u00e9n uso del OSS.<\/li>\n<li>Documentaci\u00f3n: Facturas y, en algunos casos, pruebas de consumo del servicio en el lugar correspondiente.<\/li>\n<\/ul>\n<h2>R\u00e9gimen de Ventanilla \u00danica (OSS)<\/h2>\n<p>El R\u00e9gimen de Ventanilla \u00danica simplifica la gesti\u00f3n del IVA para ventas intracomunitarias, evitando la necesidad de registrarse en cada pa\u00eds de la UE donde se tengan clientes.<\/p>\n<p>Claves del OSS:<\/p>\n<ol>\n<li>\u00bfQu\u00e9 es el OSS?: Permite a las empresas declarar el IVA de todas sus ventas intracomunitarias a trav\u00e9s de un \u00fanico pa\u00eds (Espa\u00f1a, si resides aqu\u00ed).<\/li>\n<li>Operaciones incluidas:\n<ul>\n<li>Ventas a distancia de bienes dentro de la UE.<\/li>\n<li>Servicios digitales a consumidores finales en la UE.<\/li>\n<\/ul>\n<\/li>\n<li>L\u00edmite de 10.000 \u20ac: Si las ventas intracomunitarias no superan este l\u00edmite anual, se puede optar por aplicar el IVA espa\u00f1ol. Si se supera, es obligatorio aplicar el IVA del pa\u00eds del cliente.<\/li>\n<li>Funcionamiento del OSS:\n<ul>\n<li>Registro: Se realiza mediante el modelo 035 en la Agencia Tributaria.<\/li>\n<li>Declaraci\u00f3n del IVA: Se presenta trimestralmente usando el modelo 369, detallando las ventas y el IVA correspondiente a cada pa\u00eds.<\/li>\n<li>Pago del IVA: El pago total se efect\u00faa a la Agencia Tributaria espa\u00f1ola, que se encarga de distribuir el IVA a los pa\u00edses respectivos.<\/li>\n<\/ul>\n<\/li>\n<\/ol>\n<p>Este r\u00e9gimen facilita el cumplimiento fiscal en el comercio electr\u00f3nico dentro de la UE, optimizando la gesti\u00f3n del IVA en m\u00faltiples jurisdicciones.<\/p>\n<p>Cualquier duda o aclaraci\u00f3n no dude en contactar con nuestro despacho.<\/p>\n","protected":false},"excerpt":{"rendered":"<p>Cuando se realizan ventas online a trav\u00e9s de una p\u00e1gina web o plataformas como Amazon, Etsy o eBay, es crucial considerar c\u00f3mo aplicar el Impuesto sobre el Valor A\u00f1adido (IVA), dependiendo de la ubicaci\u00f3n de los clientes y el tipo de venta. Tratamiento del IVA seg\u00fan la localizaci\u00f3n de los clientes Ventas en Espa\u00f1a: Aplica [&hellip;]<\/p>\n","protected":false},"author":265,"featured_media":14271,"comment_status":"closed","ping_status":"closed","sticky":false,"template":"","format":"standard","meta":{"_et_pb_use_builder":"","_et_pb_old_content":"","_et_gb_content_width":"","footnotes":""},"categories":[507],"tags":[],"class_list":["post-14270","post","type-post","status-publish","format-standard","has-post-thumbnail","hentry","category-noticias-tramit-es"],"_links":{"self":[{"href":"https:\/\/tramitserveis.cat\/es\/wp-json\/wp\/v2\/posts\/14270","targetHints":{"allow":["GET"]}}],"collection":[{"href":"https:\/\/tramitserveis.cat\/es\/wp-json\/wp\/v2\/posts"}],"about":[{"href":"https:\/\/tramitserveis.cat\/es\/wp-json\/wp\/v2\/types\/post"}],"author":[{"embeddable":true,"href":"https:\/\/tramitserveis.cat\/es\/wp-json\/wp\/v2\/users\/265"}],"replies":[{"embeddable":true,"href":"https:\/\/tramitserveis.cat\/es\/wp-json\/wp\/v2\/comments?post=14270"}],"version-history":[{"count":0,"href":"https:\/\/tramitserveis.cat\/es\/wp-json\/wp\/v2\/posts\/14270\/revisions"}],"wp:featuredmedia":[{"embeddable":true,"href":"https:\/\/tramitserveis.cat\/es\/wp-json\/wp\/v2\/media\/14271"}],"wp:attachment":[{"href":"https:\/\/tramitserveis.cat\/es\/wp-json\/wp\/v2\/media?parent=14270"}],"wp:term":[{"taxonomy":"category","embeddable":true,"href":"https:\/\/tramitserveis.cat\/es\/wp-json\/wp\/v2\/categories?post=14270"},{"taxonomy":"post_tag","embeddable":true,"href":"https:\/\/tramitserveis.cat\/es\/wp-json\/wp\/v2\/tags?post=14270"}],"curies":[{"name":"wp","href":"https:\/\/api.w.org\/{rel}","templated":true}]}}