{"id":12380,"date":"2023-02-07T12:19:26","date_gmt":"2023-02-07T11:19:26","guid":{"rendered":"http:\/\/tramitserveis.cat\/?p=12380"},"modified":"2023-02-07T12:49:28","modified_gmt":"2023-02-07T11:49:28","slug":"prestacion-nacimiento-cuidado-del-menor","status":"publish","type":"post","link":"https:\/\/tramitserveis.cat\/es\/prestacion-nacimiento-cuidado-del-menor\/","title":{"rendered":"PRESTACI\u00d3N POR NACIMIENTO Y CUIDADO DEL MENOR"},"content":{"rendered":"<p>Es la prestaci\u00f3n que sustituye y unifica en una \u00fanica modalidad a las de la maternidad y paternidad.<\/p>\n<p>Permite compensar econ\u00f3micamente los gastos que se producen en las familias por el nacimiento, adopci\u00f3n acogimiento o guarda con fines de adopci\u00f3n de un menor.<\/p>\n<h2><strong>\u00bfQu\u00e9 duraci\u00f3n tiene la prestaci\u00f3n por nacimiento y cuidado del menor?<\/strong><\/h2>\n<p>Desde el 1 de enero de 2021 se ha igualado el permiso por nacimiento del menor para ambos progenitores que ya disfrutan de 16 semanas de prestaci\u00f3n.<\/p>\n<p>Este periodo se puede dividir de la siguiente manera:<\/p>\n<ul>\n<li>6 semanas obligatorias, ininterrumpidas y a jornada completa, posteriores al parto.<\/li>\n<li>Las 10 semanas restantes se disfrutar\u00e1n en periodos semanales, de forma acumulada o interrumpida, dentro de los 12 meses siguientes al parto o bien la resoluci\u00f3n judicial o decisi\u00f3n administrativa en el caso de adopci\u00f3n.<\/li>\n<\/ul>\n<p>Adem\u00e1s, se establecen determinados supuestos de ampliaci\u00f3n de este plazo:<\/p>\n<ul>\n<li>Ampliaci\u00f3n en 1 semana para cada progenitor por cada hijo\/a, a partir del segundo, en caso de nacimiento, adopci\u00f3n o acogimiento m\u00faltiples.<\/li>\n<li>Ampliaci\u00f3n en 1 semana para cada progenitor en caso de discapacidad del hijo\/a.<\/li>\n<li>Ampliaci\u00f3n por parto prematuro y hospitalizaci\u00f3n (por un periodo superior a 7 d\u00edas) a continuaci\u00f3n del parto, hasta un m\u00e1ximo de 13 semanas.<\/li>\n<\/ul>\n<h2><strong>\u00bfQu\u00e9 documentaci\u00f3n es necesaria para poder solicitar la prestaci\u00f3n por nacimiento y cuidado del menor?<\/strong><\/h2>\n<p>La documentaci\u00f3n necesaria para la gesti\u00f3n de la prestaci\u00f3n es la siguiente:<\/p>\n<ul>\n<li>DNI o NIE de los progenitores.<\/li>\n<li>Para trabajadores por cuenta ajena, certificado de la empresa.<\/li>\n<li>Para trabajadores por cuenta propia, tres \u00faltimos recibos de aut\u00f3nomo.<\/li>\n<li>Tomo del registro civil del bebe.<\/li>\n<li>Libro de familia.<\/li>\n<\/ul>\n<h2><strong>\u00bfCu\u00e1nto tiempo tengo para solicitar la prestaci\u00f3n por nacimiento y cuidado del menor?<\/strong><\/h2>\n<p>El tiempo estimado para poder solicitar la <strong>prestaci\u00f3n por nacimiento y cuidado del menor<\/strong> es un mes desde la fecha del parto.<\/p>\n<h2><strong>\u00bfEn que consiste la Asistencia Sanitaria?<\/strong><\/h2>\n<p>\u00c9s el tr\u00e1mite de dar de alta al bebe como beneficiario de alguno de sus progenitores, para que pueda acceder a la Asistencia Sanitaria Espa\u00f1ola.<\/p>\n<p>Este tramite se suele realizar paralelo a la solicitud de la prestaci\u00f3n por nacimiento y cuidado del menor.<\/p>\n<h2><strong>\u00bfQu\u00e9 documentaci\u00f3n es necesaria para solicitar la Asistencia Sanitaria?<\/strong><\/h2>\n<p>La documentaci\u00f3n para solicitar la Asistencia Sanitaria del bebe es la siguiente:<\/p>\n<ul>\n<li>DNI o NIE<\/li>\n<li>Libro de familia<\/li>\n<\/ul>\n<h2><strong>\u00bfQu\u00e9 es y en que consiste la Ayuda de Madre Trabajadora?<\/strong><\/h2>\n<p>La ayuda de Madre trabajadora es una deducci\u00f3n en el impuesto sobre la Renta de las Personas F\u00edsicas (IRPF). Por cada hijo menor de tres a\u00f1os, nacido o adoptado en territorio espa\u00f1ol.<\/p>\n<p>A partir del 1 de enero de 2023, han indicado que podr\u00e1n percibir-la uno de los dos progenitores, no necesariamente tiene que ser la madre.<\/p>\n<h2><strong>\u00bfDe cuanto es el importe de la deducci\u00f3n?<\/strong><\/h2>\n<p>El importe de la deducci\u00f3n es de 1.200\u20ac.<\/p>\n<h2><strong>\u00bfCu\u00e1ndo se cobra la ayuda por madre trabajadora?<\/strong><\/h2>\n<p>Se puede cobrar anticipadamente y prorrateada, mediante transferencia mensual de 100\u20ac hasta el m\u00e1ximo de 1.200\u20ac por cada hijo.<\/p>\n<p>O tambi\u00e9n puede deducirla en el impuesto sobre la Renta de las Personas F\u00edsicas y percibir el importe \u00edntegro.<\/p>\n<h2><strong>\u00bfQu\u00e9 documentaci\u00f3n se necesita para solicitar la Ayuda de Madre trabajadora?<\/strong><\/h2>\n<p>La documentaci\u00f3n necesaria es la siguiente;<\/p>\n<ul>\n<li>DNI o NIE<\/li>\n<li>Libro de familia.<\/li>\n<\/ul>\n<p>&nbsp;<\/p>\n<p><strong>Para m\u00e1s informaci\u00f3n pueden contactarnos por email en <\/strong><a href=\"mailto:administracio@tramitserveis.cat\">administracio@tramitserveis.cat<\/a><strong> o al n\u00famero de tel\u00e9fono 93 820 53 73. <\/strong><\/p>\n","protected":false},"excerpt":{"rendered":"<p>Es la prestaci\u00f3n que sustituye y unifica en una \u00fanica modalidad a las de la maternidad y paternidad. Permite compensar econ\u00f3micamente los gastos que se producen en las familias por el nacimiento, adopci\u00f3n acogimiento o guarda con fines de adopci\u00f3n de un menor. \u00bfQu\u00e9 duraci\u00f3n tiene la prestaci\u00f3n por nacimiento y cuidado del menor? Desde [&hellip;]<\/p>\n","protected":false},"author":265,"featured_media":12386,"comment_status":"closed","ping_status":"closed","sticky":false,"template":"","format":"standard","meta":{"_et_pb_use_builder":"","_et_pb_old_content":"","_et_gb_content_width":"","footnotes":""},"categories":[507],"tags":[],"class_list":["post-12380","post","type-post","status-publish","format-standard","has-post-thumbnail","hentry","category-noticias-tramit-es"],"_links":{"self":[{"href":"https:\/\/tramitserveis.cat\/es\/wp-json\/wp\/v2\/posts\/12380","targetHints":{"allow":["GET"]}}],"collection":[{"href":"https:\/\/tramitserveis.cat\/es\/wp-json\/wp\/v2\/posts"}],"about":[{"href":"https:\/\/tramitserveis.cat\/es\/wp-json\/wp\/v2\/types\/post"}],"author":[{"embeddable":true,"href":"https:\/\/tramitserveis.cat\/es\/wp-json\/wp\/v2\/users\/265"}],"replies":[{"embeddable":true,"href":"https:\/\/tramitserveis.cat\/es\/wp-json\/wp\/v2\/comments?post=12380"}],"version-history":[{"count":0,"href":"https:\/\/tramitserveis.cat\/es\/wp-json\/wp\/v2\/posts\/12380\/revisions"}],"wp:featuredmedia":[{"embeddable":true,"href":"https:\/\/tramitserveis.cat\/es\/wp-json\/wp\/v2\/media\/12386"}],"wp:attachment":[{"href":"https:\/\/tramitserveis.cat\/es\/wp-json\/wp\/v2\/media?parent=12380"}],"wp:term":[{"taxonomy":"category","embeddable":true,"href":"https:\/\/tramitserveis.cat\/es\/wp-json\/wp\/v2\/categories?post=12380"},{"taxonomy":"post_tag","embeddable":true,"href":"https:\/\/tramitserveis.cat\/es\/wp-json\/wp\/v2\/tags?post=12380"}],"curies":[{"name":"wp","href":"https:\/\/api.w.org\/{rel}","templated":true}]}}